{"id":699,"date":"2016-03-01T17:22:06","date_gmt":"2016-03-01T16:22:06","guid":{"rendered":"http:\/\/hesse-nrw.de\/?p=699"},"modified":"2016-03-01T17:22:06","modified_gmt":"2016-03-01T16:22:06","slug":"adac-moto-classic-2013-luxembourg-3","status":"publish","type":"post","link":"http:\/\/hesse-nrw.de\/?p=699","title":{"rendered":"ADAC Moto Classic 2013 Luxembourg"},"content":{"rendered":"<p>Die Scuderia Hesse hat zur Moto Classic f\u00fcnf Meldungen abgegeben und dann das. Die sechszylindrige CBX l\u00e4uft nur noch als Dreizylinder! Warum immer so bl\u00f6de Sch\u00e4den vor gro\u00dfen Events?<\/p>\n<figure id=\"attachment_690\" aria-describedby=\"caption-attachment-690\" style=\"width: 300px\" class=\"wp-caption alignnone\"><img loading=\"lazy\" decoding=\"async\" class=\"wp-image-690 size-medium\" src=\"http:\/\/hesse-nrw.de\/wp-content\/uploads\/2016\/03\/DSC_0032-300x169.jpg\" alt=\"DSC_0032\" width=\"300\" height=\"169\" srcset=\"http:\/\/hesse-nrw.de\/wp-content\/uploads\/2016\/03\/DSC_0032-300x169.jpg 300w, http:\/\/hesse-nrw.de\/wp-content\/uploads\/2016\/03\/DSC_0032-768x432.jpg 768w, http:\/\/hesse-nrw.de\/wp-content\/uploads\/2016\/03\/DSC_0032.jpg 1000w\" sizes=\"auto, (max-width: 300px) 100vw, 300px\" \/><figcaption id=\"caption-attachment-690\" class=\"wp-caption-text\">das sind die \u00dcbelt\u00e4ter! Das Vergussmaterial auf der R\u00fcckseite hat nach 32 Jahren den Geist aufgegeben<\/figcaption><\/figure>\n<p>Nach einer l\u00e4ngeren Suche sind die neuen Z\u00fcndanlagen da und der Moto Classic steht nichts im Wege.<\/p>\n<p><img loading=\"lazy\" decoding=\"async\" class=\"size-medium wp-image-689\" src=\"http:\/\/hesse-nrw.de\/wp-content\/uploads\/2016\/03\/DSC00008-300x200.jpg\" alt=\"SONY DSC\" width=\"300\" height=\"200\" srcset=\"http:\/\/hesse-nrw.de\/wp-content\/uploads\/2016\/03\/DSC00008-300x200.jpg 300w, http:\/\/hesse-nrw.de\/wp-content\/uploads\/2016\/03\/DSC00008-768x512.jpg 768w, http:\/\/hesse-nrw.de\/wp-content\/uploads\/2016\/03\/DSC00008.jpg 1000w\" sizes=\"auto, (max-width: 300px) 100vw, 300px\" \/><\/p>\n<p><img loading=\"lazy\" decoding=\"async\" class=\"alignnone size-medium wp-image-691\" src=\"http:\/\/hesse-nrw.de\/wp-content\/uploads\/2016\/03\/P1310079-300x225.jpg\" alt=\"P1310079\" width=\"300\" height=\"225\" srcset=\"http:\/\/hesse-nrw.de\/wp-content\/uploads\/2016\/03\/P1310079-300x225.jpg 300w, http:\/\/hesse-nrw.de\/wp-content\/uploads\/2016\/03\/P1310079-768x576.jpg 768w, http:\/\/hesse-nrw.de\/wp-content\/uploads\/2016\/03\/P1310079.jpg 1000w\" sizes=\"auto, (max-width: 300px) 100vw, 300px\" \/><\/p>\n<p><img loading=\"lazy\" decoding=\"async\" class=\"alignnone size-medium wp-image-692\" src=\"http:\/\/hesse-nrw.de\/wp-content\/uploads\/2016\/03\/P1310093-300x225.jpg\" alt=\"P1310093\" width=\"300\" height=\"225\" srcset=\"http:\/\/hesse-nrw.de\/wp-content\/uploads\/2016\/03\/P1310093-300x225.jpg 300w, http:\/\/hesse-nrw.de\/wp-content\/uploads\/2016\/03\/P1310093-768x576.jpg 768w, http:\/\/hesse-nrw.de\/wp-content\/uploads\/2016\/03\/P1310093.jpg 1000w\" sizes=\"auto, (max-width: 300px) 100vw, 300px\" \/><\/p>\n<p><img loading=\"lazy\" decoding=\"async\" class=\"alignnone size-medium wp-image-693\" src=\"http:\/\/hesse-nrw.de\/wp-content\/uploads\/2016\/03\/P1310191-300x225.jpg\" alt=\"P1310191\" width=\"300\" height=\"225\" srcset=\"http:\/\/hesse-nrw.de\/wp-content\/uploads\/2016\/03\/P1310191-300x225.jpg 300w, http:\/\/hesse-nrw.de\/wp-content\/uploads\/2016\/03\/P1310191-768x576.jpg 768w, http:\/\/hesse-nrw.de\/wp-content\/uploads\/2016\/03\/P1310191.jpg 1000w\" sizes=\"auto, (max-width: 300px) 100vw, 300px\" \/><\/p>\n<p><img loading=\"lazy\" decoding=\"async\" class=\"alignnone size-medium wp-image-695\" src=\"http:\/\/hesse-nrw.de\/wp-content\/uploads\/2016\/03\/P1310196-300x225.jpg\" alt=\"P1310196\" width=\"300\" height=\"225\" srcset=\"http:\/\/hesse-nrw.de\/wp-content\/uploads\/2016\/03\/P1310196-300x225.jpg 300w, http:\/\/hesse-nrw.de\/wp-content\/uploads\/2016\/03\/P1310196-768x576.jpg 768w, http:\/\/hesse-nrw.de\/wp-content\/uploads\/2016\/03\/P1310196.jpg 1000w\" sizes=\"auto, (max-width: 300px) 100vw, 300px\" \/><\/p>\n<p><img loading=\"lazy\" decoding=\"async\" class=\"alignnone size-medium wp-image-696\" src=\"http:\/\/hesse-nrw.de\/wp-content\/uploads\/2016\/03\/P1310197-225x300.jpg\" alt=\"P1310197\" width=\"225\" height=\"300\" srcset=\"http:\/\/hesse-nrw.de\/wp-content\/uploads\/2016\/03\/P1310197-225x300.jpg 225w, http:\/\/hesse-nrw.de\/wp-content\/uploads\/2016\/03\/P1310197.jpg 750w\" sizes=\"auto, (max-width: 225px) 100vw, 225px\" \/> <img loading=\"lazy\" decoding=\"async\" class=\"alignnone size-medium wp-image-697\" src=\"http:\/\/hesse-nrw.de\/wp-content\/uploads\/2016\/03\/P1310211-225x300.jpg\" alt=\"P1310211\" width=\"225\" height=\"300\" srcset=\"http:\/\/hesse-nrw.de\/wp-content\/uploads\/2016\/03\/P1310211-225x300.jpg 225w, http:\/\/hesse-nrw.de\/wp-content\/uploads\/2016\/03\/P1310211.jpg 750w\" sizes=\"auto, (max-width: 225px) 100vw, 225px\" \/><\/p>\n<p><img loading=\"lazy\" decoding=\"async\" class=\"alignnone size-medium wp-image-698\" src=\"http:\/\/hesse-nrw.de\/wp-content\/uploads\/2016\/03\/P1310217-225x300.jpg\" alt=\"P1310217\" width=\"225\" height=\"300\" srcset=\"http:\/\/hesse-nrw.de\/wp-content\/uploads\/2016\/03\/P1310217-225x300.jpg 225w, http:\/\/hesse-nrw.de\/wp-content\/uploads\/2016\/03\/P1310217.jpg 750w\" sizes=\"auto, (max-width: 225px) 100vw, 225px\" \/><\/p>\n<p>&nbsp;<\/p>\n","protected":false},"excerpt":{"rendered":"<p>Die Scuderia Hesse hat zur Moto Classic f\u00fcnf Meldungen abgegeben und dann das. Die sechszylindrige CBX l\u00e4uft nur noch als Dreizylinder! Warum immer so bl\u00f6de Sch\u00e4den vor gro\u00dfen Events? Nach einer l\u00e4ngeren Suche sind die neuen Z\u00fcndanlagen da und der Moto Classic steht nichts im Wege. &nbsp;<\/p>\n","protected":false},"author":1,"featured_media":0,"comment_status":"open","ping_status":"open","sticky":false,"template":"","format":"standard","meta":{"footnotes":""},"categories":[11,3],"tags":[],"class_list":["post-699","post","type-post","status-publish","format-standard","hentry","category-cbx-cb1","category-motorraeder"],"post_mailing_queue_ids":[],"_links":{"self":[{"href":"http:\/\/hesse-nrw.de\/index.php?rest_route=\/wp\/v2\/posts\/699","targetHints":{"allow":["GET"]}}],"collection":[{"href":"http:\/\/hesse-nrw.de\/index.php?rest_route=\/wp\/v2\/posts"}],"about":[{"href":"http:\/\/hesse-nrw.de\/index.php?rest_route=\/wp\/v2\/types\/post"}],"author":[{"embeddable":true,"href":"http:\/\/hesse-nrw.de\/index.php?rest_route=\/wp\/v2\/users\/1"}],"replies":[{"embeddable":true,"href":"http:\/\/hesse-nrw.de\/index.php?rest_route=%2Fwp%2Fv2%2Fcomments&post=699"}],"version-history":[{"count":1,"href":"http:\/\/hesse-nrw.de\/index.php?rest_route=\/wp\/v2\/posts\/699\/revisions"}],"predecessor-version":[{"id":700,"href":"http:\/\/hesse-nrw.de\/index.php?rest_route=\/wp\/v2\/posts\/699\/revisions\/700"}],"wp:attachment":[{"href":"http:\/\/hesse-nrw.de\/index.php?rest_route=%2Fwp%2Fv2%2Fmedia&parent=699"}],"wp:term":[{"taxonomy":"category","embeddable":true,"href":"http:\/\/hesse-nrw.de\/index.php?rest_route=%2Fwp%2Fv2%2Fcategories&post=699"},{"taxonomy":"post_tag","embeddable":true,"href":"http:\/\/hesse-nrw.de\/index.php?rest_route=%2Fwp%2Fv2%2Ftags&post=699"}],"curies":[{"name":"wp","href":"https:\/\/api.w.org\/{rel}","templated":true}]}}