{"id":3218,"date":"2019-10-07T16:38:28","date_gmt":"2019-10-07T15:38:28","guid":{"rendered":"http:\/\/hesse-nrw.de\/?p=3218"},"modified":"2019-10-07T16:38:28","modified_gmt":"2019-10-07T15:38:28","slug":"oh-schreck-lass-nach","status":"publish","type":"post","link":"http:\/\/hesse-nrw.de\/?p=3218","title":{"rendered":"Oh Schreck lass nach!"},"content":{"rendered":"\n<p>Beim Wechsel der etwas undichten Ventildeckeldichtungen war eigentlich nur noch Ventilspielkontrolle und gegebenenfalls Einstellen geplant.<\/p>\n\n\n\n<figure class=\"wp-block-image\"><img loading=\"lazy\" decoding=\"async\" width=\"750\" height=\"1000\" src=\"http:\/\/hesse-nrw.de\/wp-content\/uploads\/2019\/10\/IMG_20191002_132857.jpg\" alt=\"\" class=\"wp-image-3217\" srcset=\"http:\/\/hesse-nrw.de\/wp-content\/uploads\/2019\/10\/IMG_20191002_132857.jpg 750w, http:\/\/hesse-nrw.de\/wp-content\/uploads\/2019\/10\/IMG_20191002_132857-225x300.jpg 225w\" sizes=\"auto, (max-width: 750px) 100vw, 750px\" \/><figcaption>Nockenwellenlager defekt<\/figcaption><\/figure>\n\n\n\n<p>Ganz sicher aber hat niemand mit einem gebrochenen Lagerring der Nockenwellen gerechnet! Zum Gl\u00fcck haben wir dieses Problem, vermutlich eine falsche Montage beim Vorbesitzer, rechtzeitig erkannt. Nicht vorzustellen wenn die Bruchst\u00fccke irgendwo hingekommen w\u00e4ren wo es gef\u00e4hrlich werden w\u00fcrde oder gar noch die Nockenwelle einen Defekt bek\u00e4me.<\/p>\n","protected":false},"excerpt":{"rendered":"<p>Beim Wechsel der etwas undichten Ventildeckeldichtungen war eigentlich nur noch Ventilspielkontrolle und gegebenenfalls Einstellen geplant. Ganz sicher aber hat niemand mit einem gebrochenen Lagerring der Nockenwellen gerechnet! Zum Gl\u00fcck haben wir dieses Problem, vermutlich eine falsche Montage beim Vorbesitzer, rechtzeitig erkannt. Nicht vorzustellen wenn die Bruchst\u00fccke irgendwo hingekommen w\u00e4ren wo es gef\u00e4hrlich werden w\u00fcrde oder &hellip; <a href=\"http:\/\/hesse-nrw.de\/?p=3218\" class=\"more-link\"><span class=\"screen-reader-text\">Oh Schreck lass nach!<\/span> weiterlesen <span class=\"meta-nav\">&rarr;<\/span><\/a><\/p>\n","protected":false},"author":1,"featured_media":0,"comment_status":"open","ping_status":"open","sticky":false,"template":"","format":"standard","meta":{"footnotes":""},"categories":[3,22],"tags":[],"class_list":["post-3218","post","type-post","status-publish","format-standard","hentry","category-motorraeder","category-vfr-750-r-rc30"],"post_mailing_queue_ids":[],"_links":{"self":[{"href":"http:\/\/hesse-nrw.de\/index.php?rest_route=\/wp\/v2\/posts\/3218","targetHints":{"allow":["GET"]}}],"collection":[{"href":"http:\/\/hesse-nrw.de\/index.php?rest_route=\/wp\/v2\/posts"}],"about":[{"href":"http:\/\/hesse-nrw.de\/index.php?rest_route=\/wp\/v2\/types\/post"}],"author":[{"embeddable":true,"href":"http:\/\/hesse-nrw.de\/index.php?rest_route=\/wp\/v2\/users\/1"}],"replies":[{"embeddable":true,"href":"http:\/\/hesse-nrw.de\/index.php?rest_route=%2Fwp%2Fv2%2Fcomments&post=3218"}],"version-history":[{"count":1,"href":"http:\/\/hesse-nrw.de\/index.php?rest_route=\/wp\/v2\/posts\/3218\/revisions"}],"predecessor-version":[{"id":3219,"href":"http:\/\/hesse-nrw.de\/index.php?rest_route=\/wp\/v2\/posts\/3218\/revisions\/3219"}],"wp:attachment":[{"href":"http:\/\/hesse-nrw.de\/index.php?rest_route=%2Fwp%2Fv2%2Fmedia&parent=3218"}],"wp:term":[{"taxonomy":"category","embeddable":true,"href":"http:\/\/hesse-nrw.de\/index.php?rest_route=%2Fwp%2Fv2%2Fcategories&post=3218"},{"taxonomy":"post_tag","embeddable":true,"href":"http:\/\/hesse-nrw.de\/index.php?rest_route=%2Fwp%2Fv2%2Ftags&post=3218"}],"curies":[{"name":"wp","href":"https:\/\/api.w.org\/{rel}","templated":true}]}}