{"id":3173,"date":"2019-09-16T20:46:23","date_gmt":"2019-09-16T19:46:23","guid":{"rendered":"http:\/\/hesse-nrw.de\/?p=3173"},"modified":"2019-10-01T09:05:47","modified_gmt":"2019-10-01T08:05:47","slug":"distinguished-gentlemans-ride-cologne-2019","status":"publish","type":"post","link":"http:\/\/hesse-nrw.de\/?p=3173","title":{"rendered":"Distinguished gentleman&#8217;s Ride Cologne 2019"},"content":{"rendered":"\n<p>Am 29.09.2019  ist es wieder soweit! Die Anmeldungen sind erledigt, wir warten auf das gro\u00dfe Ereignis. Diesmal ist die Scuderia Hesse Classic Bikes als Team gemeldet. Unsere Bikes sind  folgende.<\/p>\n\n\n\n<figure class=\"wp-block-image\"><img loading=\"lazy\" decoding=\"async\" width=\"1000\" height=\"667\" src=\"http:\/\/hesse-nrw.de\/wp-content\/uploads\/2017\/11\/DSC00006.jpg\" alt=\"\" class=\"wp-image-2555\" srcset=\"http:\/\/hesse-nrw.de\/wp-content\/uploads\/2017\/11\/DSC00006.jpg 1000w, http:\/\/hesse-nrw.de\/wp-content\/uploads\/2017\/11\/DSC00006-300x200.jpg 300w, http:\/\/hesse-nrw.de\/wp-content\/uploads\/2017\/11\/DSC00006-768x512.jpg 768w\" sizes=\"auto, (max-width: 1000px) 100vw, 1000px\" \/><figcaption>CB 100 Super Sports 1971, Fahrerin Melanie Hesse<\/figcaption><\/figure>\n\n\n\n<figure class=\"wp-block-image\"><img loading=\"lazy\" decoding=\"async\" width=\"1000\" height=\"667\" src=\"http:\/\/hesse-nrw.de\/wp-content\/uploads\/2016\/05\/DSC00001-1.jpg\" alt=\"\" class=\"wp-image-1753\" srcset=\"http:\/\/hesse-nrw.de\/wp-content\/uploads\/2016\/05\/DSC00001-1.jpg 1000w, http:\/\/hesse-nrw.de\/wp-content\/uploads\/2016\/05\/DSC00001-1-300x200.jpg 300w, http:\/\/hesse-nrw.de\/wp-content\/uploads\/2016\/05\/DSC00001-1-768x512.jpg 768w\" sizes=\"auto, (max-width: 1000px) 100vw, 1000px\" \/><figcaption>HB1 400 Four 1975, Fahrer Gero Hesse<\/figcaption><\/figure>\n\n\n\n<figure class=\"wp-block-image\"><img loading=\"lazy\" decoding=\"async\" width=\"1000\" height=\"667\" src=\"http:\/\/hesse-nrw.de\/wp-content\/uploads\/2017\/02\/DSC00004.jpg\" alt=\"\" class=\"wp-image-2246\" srcset=\"http:\/\/hesse-nrw.de\/wp-content\/uploads\/2017\/02\/DSC00004.jpg 1000w, http:\/\/hesse-nrw.de\/wp-content\/uploads\/2017\/02\/DSC00004-300x200.jpg 300w, http:\/\/hesse-nrw.de\/wp-content\/uploads\/2017\/02\/DSC00004-768x512.jpg 768w\" sizes=\"auto, (max-width: 1000px) 100vw, 1000px\" \/><figcaption>CB 500 Four K2 1977, Fahrer Christian Hesse<\/figcaption><\/figure>\n\n\n\n<figure class=\"wp-block-image\"><img loading=\"lazy\" decoding=\"async\" width=\"1000\" height=\"667\" src=\"http:\/\/hesse-nrw.de\/wp-content\/uploads\/2017\/02\/DSC000001.jpg\" alt=\"\" class=\"wp-image-2245\" srcset=\"http:\/\/hesse-nrw.de\/wp-content\/uploads\/2017\/02\/DSC000001.jpg 1000w, http:\/\/hesse-nrw.de\/wp-content\/uploads\/2017\/02\/DSC000001-300x200.jpg 300w, http:\/\/hesse-nrw.de\/wp-content\/uploads\/2017\/02\/DSC000001-768x512.jpg 768w\" sizes=\"auto, (max-width: 1000px) 100vw, 1000px\" \/><figcaption>CB 550 Four F2 1980, Fahrer Eckhard Schumacher<\/figcaption><\/figure>\n\n\n\n<figure class=\"wp-block-image\"><img loading=\"lazy\" decoding=\"async\" width=\"1024\" height=\"768\" src=\"http:\/\/hesse-nrw.de\/wp-content\/uploads\/2019\/09\/01-1024x768.jpeg\" alt=\"\" class=\"wp-image-3188\" srcset=\"http:\/\/hesse-nrw.de\/wp-content\/uploads\/2019\/09\/01.jpeg 1024w, http:\/\/hesse-nrw.de\/wp-content\/uploads\/2019\/09\/01-300x225.jpeg 300w, http:\/\/hesse-nrw.de\/wp-content\/uploads\/2019\/09\/01-768x576.jpeg 768w\" sizes=\"auto, (max-width: 1024px) 100vw, 1024px\" \/><figcaption>XS 650 Cafe Racer &#8222;H\u00fcttenstahl&#8220; 1982, Fahrer Thorsten &#8222;Dodo&#8220; Schulz<\/figcaption><\/figure>\n\n\n\n<figure class=\"wp-block-image\"><img loading=\"lazy\" decoding=\"async\" width=\"1000\" height=\"667\" src=\"http:\/\/hesse-nrw.de\/wp-content\/uploads\/2018\/03\/DSC00006.jpg\" alt=\"\" class=\"wp-image-2600\" srcset=\"http:\/\/hesse-nrw.de\/wp-content\/uploads\/2018\/03\/DSC00006.jpg 1000w, http:\/\/hesse-nrw.de\/wp-content\/uploads\/2018\/03\/DSC00006-300x200.jpg 300w, http:\/\/hesse-nrw.de\/wp-content\/uploads\/2018\/03\/DSC00006-768x512.jpg 768w\" sizes=\"auto, (max-width: 1000px) 100vw, 1000px\" \/><figcaption>CB 750 Four K2 1974, Fahrer Lutz Adam<\/figcaption><\/figure>\n\n\n\n<figure class=\"wp-block-image\"><img loading=\"lazy\" decoding=\"async\" width=\"1000\" height=\"667\" src=\"http:\/\/hesse-nrw.de\/wp-content\/uploads\/2019\/09\/DSC00032.jpg\" alt=\"\" class=\"wp-image-3180\" srcset=\"http:\/\/hesse-nrw.de\/wp-content\/uploads\/2019\/09\/DSC00032.jpg 1000w, http:\/\/hesse-nrw.de\/wp-content\/uploads\/2019\/09\/DSC00032-300x200.jpg 300w, http:\/\/hesse-nrw.de\/wp-content\/uploads\/2019\/09\/DSC00032-768x512.jpg 768w\" sizes=\"auto, (max-width: 1000px) 100vw, 1000px\" \/><figcaption>CB 1100 F Super Bol d&#8217;Or 1983, Fahrer Harald S\u00e4nger<\/figcaption><\/figure>\n\n\n\n<p>Es liegt eine weitere Anmeldungen von Dr. Hermann Wecker vor. Momentan ist kein Bilde vom Roller verf\u00fcgbar.<\/p>\n\n\n\n<p>Wir werden wieder versuchen &#8222;dapper&#8220; gekleidet zum Event anzutreten und k\u00f6nnen es kaum noch erwarten. Diesmal sind auch Sozias dabei, Henriette &#8222;Jette&#8220; Raasch, Melanie S\u00e4nger, Shuling Sun und Rita Zorba werden uns begleiten.<\/p>\n\n\n\n<p>Leider hat am 29.09.2019 das Wetter gar nicht mitgespielt. Daf\u00fcr aber einen Tag vorher und einen Tag nachher. \ud83d\ude41<\/p>\n\n\n\n<p>Wir waren jedenfalls willig und sind passend gekleidet abgefahren. Leider kamen wir nur nach K\u00f6ln Porz und der Regen hat uns zur Umkehr bewogen. Die Stimmung war dennoch gut und alle hatten viel Spa\u00df. Zum Schluss gab&#8217;s noch eine Erbsensuppe zum Aufw\u00e4rmen.<\/p>\n\n\n\n<figure class=\"wp-block-image\"><img loading=\"lazy\" decoding=\"async\" width=\"1024\" height=\"768\" src=\"http:\/\/hesse-nrw.de\/wp-content\/uploads\/2019\/10\/a76cc8fa-2e13-464c-ae77-05d6fa73aad7-1024x768.jpg\" alt=\"\" class=\"wp-image-3211\" srcset=\"http:\/\/hesse-nrw.de\/wp-content\/uploads\/2019\/10\/a76cc8fa-2e13-464c-ae77-05d6fa73aad7-1024x768.jpg 1024w, http:\/\/hesse-nrw.de\/wp-content\/uploads\/2019\/10\/a76cc8fa-2e13-464c-ae77-05d6fa73aad7-300x225.jpg 300w, http:\/\/hesse-nrw.de\/wp-content\/uploads\/2019\/10\/a76cc8fa-2e13-464c-ae77-05d6fa73aad7-768x576.jpg 768w, http:\/\/hesse-nrw.de\/wp-content\/uploads\/2019\/10\/a76cc8fa-2e13-464c-ae77-05d6fa73aad7.jpg 1600w\" sizes=\"auto, (max-width: 1024px) 100vw, 1024px\" \/><\/figure>\n\n\n\n<ul class=\"wp-block-gallery columns-3 is-cropped wp-block-gallery-1 is-layout-flex wp-block-gallery-is-layout-flex\"><li class=\"blocks-gallery-item\"><figure><img loading=\"lazy\" decoding=\"async\" width=\"1024\" height=\"768\" src=\"http:\/\/hesse-nrw.de\/wp-content\/uploads\/2019\/10\/7aef6343-7080-4307-9a36-227ce49aeced-1024x768.jpg\" alt=\"\" data-id=\"3208\" data-link=\"http:\/\/hesse-nrw.de\/?attachment_id=3208\" class=\"wp-image-3208\" srcset=\"http:\/\/hesse-nrw.de\/wp-content\/uploads\/2019\/10\/7aef6343-7080-4307-9a36-227ce49aeced-1024x768.jpg 1024w, http:\/\/hesse-nrw.de\/wp-content\/uploads\/2019\/10\/7aef6343-7080-4307-9a36-227ce49aeced-300x225.jpg 300w, http:\/\/hesse-nrw.de\/wp-content\/uploads\/2019\/10\/7aef6343-7080-4307-9a36-227ce49aeced-768x576.jpg 768w, http:\/\/hesse-nrw.de\/wp-content\/uploads\/2019\/10\/7aef6343-7080-4307-9a36-227ce49aeced.jpg 1600w\" sizes=\"auto, (max-width: 1024px) 100vw, 1024px\" \/><\/figure><\/li><li class=\"blocks-gallery-item\"><figure><img loading=\"lazy\" decoding=\"async\" width=\"1024\" height=\"768\" src=\"http:\/\/hesse-nrw.de\/wp-content\/uploads\/2019\/10\/b80412f0-e54c-4b0f-a4de-28d260bc012a-1024x768.jpg\" alt=\"\" data-id=\"3213\" data-link=\"http:\/\/hesse-nrw.de\/?attachment_id=3213\" class=\"wp-image-3213\" srcset=\"http:\/\/hesse-nrw.de\/wp-content\/uploads\/2019\/10\/b80412f0-e54c-4b0f-a4de-28d260bc012a-1024x768.jpg 1024w, http:\/\/hesse-nrw.de\/wp-content\/uploads\/2019\/10\/b80412f0-e54c-4b0f-a4de-28d260bc012a-300x225.jpg 300w, http:\/\/hesse-nrw.de\/wp-content\/uploads\/2019\/10\/b80412f0-e54c-4b0f-a4de-28d260bc012a-768x576.jpg 768w, http:\/\/hesse-nrw.de\/wp-content\/uploads\/2019\/10\/b80412f0-e54c-4b0f-a4de-28d260bc012a.jpg 1600w\" sizes=\"auto, (max-width: 1024px) 100vw, 1024px\" \/><\/figure><\/li><li class=\"blocks-gallery-item\"><figure><img loading=\"lazy\" decoding=\"async\" width=\"1024\" height=\"768\" src=\"http:\/\/hesse-nrw.de\/wp-content\/uploads\/2019\/10\/b3343b15-759d-4785-b14f-efd6d1d8eb8c-1024x768.jpg\" alt=\"\" data-id=\"3212\" data-link=\"http:\/\/hesse-nrw.de\/?attachment_id=3212\" class=\"wp-image-3212\" srcset=\"http:\/\/hesse-nrw.de\/wp-content\/uploads\/2019\/10\/b3343b15-759d-4785-b14f-efd6d1d8eb8c-1024x768.jpg 1024w, http:\/\/hesse-nrw.de\/wp-content\/uploads\/2019\/10\/b3343b15-759d-4785-b14f-efd6d1d8eb8c-300x225.jpg 300w, http:\/\/hesse-nrw.de\/wp-content\/uploads\/2019\/10\/b3343b15-759d-4785-b14f-efd6d1d8eb8c-768x576.jpg 768w, http:\/\/hesse-nrw.de\/wp-content\/uploads\/2019\/10\/b3343b15-759d-4785-b14f-efd6d1d8eb8c.jpg 1600w\" sizes=\"auto, (max-width: 1024px) 100vw, 1024px\" \/><\/figure><\/li><li class=\"blocks-gallery-item\"><figure><img loading=\"lazy\" decoding=\"async\" width=\"1024\" height=\"768\" src=\"http:\/\/hesse-nrw.de\/wp-content\/uploads\/2019\/10\/1a0d9f41-4759-4e12-806f-ea1bc06b8c97-1024x768.jpg\" alt=\"\" data-id=\"3207\" data-link=\"http:\/\/hesse-nrw.de\/?attachment_id=3207\" class=\"wp-image-3207\" srcset=\"http:\/\/hesse-nrw.de\/wp-content\/uploads\/2019\/10\/1a0d9f41-4759-4e12-806f-ea1bc06b8c97-1024x768.jpg 1024w, http:\/\/hesse-nrw.de\/wp-content\/uploads\/2019\/10\/1a0d9f41-4759-4e12-806f-ea1bc06b8c97-300x225.jpg 300w, http:\/\/hesse-nrw.de\/wp-content\/uploads\/2019\/10\/1a0d9f41-4759-4e12-806f-ea1bc06b8c97-768x576.jpg 768w, http:\/\/hesse-nrw.de\/wp-content\/uploads\/2019\/10\/1a0d9f41-4759-4e12-806f-ea1bc06b8c97.jpg 1600w\" sizes=\"auto, (max-width: 1024px) 100vw, 1024px\" \/><\/figure><\/li><\/ul>\n","protected":false},"excerpt":{"rendered":"<p>Am 29.09.2019 ist es wieder soweit! Die Anmeldungen sind erledigt, wir warten auf das gro\u00dfe Ereignis. Diesmal ist die Scuderia Hesse Classic Bikes als Team gemeldet. Unsere Bikes sind folgende. Es liegt eine weitere Anmeldungen von Dr. Hermann Wecker vor. Momentan ist kein Bilde vom Roller verf\u00fcgbar. Wir werden wieder versuchen &#8222;dapper&#8220; gekleidet zum Event &hellip; <a href=\"http:\/\/hesse-nrw.de\/?p=3173\" class=\"more-link\"><span class=\"screen-reader-text\">Distinguished gentleman&#8217;s Ride Cologne 2019<\/span> weiterlesen <span class=\"meta-nav\">&rarr;<\/span><\/a><\/p>\n","protected":false},"author":1,"featured_media":0,"comment_status":"open","ping_status":"open","sticky":false,"template":"","format":"standard","meta":{"footnotes":""},"categories":[40,14,37,36,13,23,3],"tags":[],"class_list":["post-3173","post","type-post","status-publish","format-standard","hentry","category-cb-100-super-sport-cb100","category-cb-1100-f-sc11","category-cb-500-four-k2-cb500","category-cb-550-four-f2-cb550f","category-cb-750-four-k2-cb750","category-hb1-400-four-cb400","category-motorraeder"],"post_mailing_queue_ids":[],"_links":{"self":[{"href":"http:\/\/hesse-nrw.de\/index.php?rest_route=\/wp\/v2\/posts\/3173","targetHints":{"allow":["GET"]}}],"collection":[{"href":"http:\/\/hesse-nrw.de\/index.php?rest_route=\/wp\/v2\/posts"}],"about":[{"href":"http:\/\/hesse-nrw.de\/index.php?rest_route=\/wp\/v2\/types\/post"}],"author":[{"embeddable":true,"href":"http:\/\/hesse-nrw.de\/index.php?rest_route=\/wp\/v2\/users\/1"}],"replies":[{"embeddable":true,"href":"http:\/\/hesse-nrw.de\/index.php?rest_route=%2Fwp%2Fv2%2Fcomments&post=3173"}],"version-history":[{"count":17,"href":"http:\/\/hesse-nrw.de\/index.php?rest_route=\/wp\/v2\/posts\/3173\/revisions"}],"predecessor-version":[{"id":3216,"href":"http:\/\/hesse-nrw.de\/index.php?rest_route=\/wp\/v2\/posts\/3173\/revisions\/3216"}],"wp:attachment":[{"href":"http:\/\/hesse-nrw.de\/index.php?rest_route=%2Fwp%2Fv2%2Fmedia&parent=3173"}],"wp:term":[{"taxonomy":"category","embeddable":true,"href":"http:\/\/hesse-nrw.de\/index.php?rest_route=%2Fwp%2Fv2%2Fcategories&post=3173"},{"taxonomy":"post_tag","embeddable":true,"href":"http:\/\/hesse-nrw.de\/index.php?rest_route=%2Fwp%2Fv2%2Ftags&post=3173"}],"curies":[{"name":"wp","href":"https:\/\/api.w.org\/{rel}","templated":true}]}}