{"id":3101,"date":"2019-07-29T21:15:12","date_gmt":"2019-07-29T20:15:12","guid":{"rendered":"http:\/\/hesse-nrw.de\/?p=3101"},"modified":"2019-07-29T21:15:12","modified_gmt":"2019-07-29T20:15:12","slug":"bald-fertig","status":"publish","type":"post","link":"http:\/\/hesse-nrw.de\/?p=3101","title":{"rendered":"Bald fertig &#8230;"},"content":{"rendered":"\n<p>wird die VFR 750 R &#8211; nur RC30 nach dem internen Werksk\u00fcrzel genannt &#8211; sein. Sie l\u00e4uft schon. Jetzt wird noch das Steuerkopflager gemacht, die Gabel und die Ventildeckel abgedichtet. Dann noch neue Gummis auf die R\u00e4der und das sollte es im Groben gewesen sein. Leider hat die Verkleidung zwei kleine Sch\u00e4den aber darum k\u00fcmmert sich ein guter Freund. Hierf\u00fcr vielen Dank Harald!<\/p>\n\n\n\n<figure class=\"wp-block-image\"><img loading=\"lazy\" decoding=\"async\" width=\"1000\" height=\"750\" src=\"http:\/\/hesse-nrw.de\/wp-content\/uploads\/2019\/07\/IMG_20190711_195909.jpg\" alt=\"\" class=\"wp-image-3099\" srcset=\"http:\/\/hesse-nrw.de\/wp-content\/uploads\/2019\/07\/IMG_20190711_195909.jpg 1000w, http:\/\/hesse-nrw.de\/wp-content\/uploads\/2019\/07\/IMG_20190711_195909-300x225.jpg 300w, http:\/\/hesse-nrw.de\/wp-content\/uploads\/2019\/07\/IMG_20190711_195909-768x576.jpg 768w\" sizes=\"auto, (max-width: 1000px) 100vw, 1000px\" \/><\/figure>\n\n\n\n<figure class=\"wp-block-image\"><img loading=\"lazy\" decoding=\"async\" width=\"1000\" height=\"750\" src=\"http:\/\/hesse-nrw.de\/wp-content\/uploads\/2019\/07\/IMG_20190725_154153.jpg\" alt=\"\" class=\"wp-image-3100\" srcset=\"http:\/\/hesse-nrw.de\/wp-content\/uploads\/2019\/07\/IMG_20190725_154153.jpg 1000w, http:\/\/hesse-nrw.de\/wp-content\/uploads\/2019\/07\/IMG_20190725_154153-300x225.jpg 300w, http:\/\/hesse-nrw.de\/wp-content\/uploads\/2019\/07\/IMG_20190725_154153-768x576.jpg 768w\" sizes=\"auto, (max-width: 1000px) 100vw, 1000px\" \/><\/figure>\n","protected":false},"excerpt":{"rendered":"<p>wird die VFR 750 R &#8211; nur RC30 nach dem internen Werksk\u00fcrzel genannt &#8211; sein. Sie l\u00e4uft schon. Jetzt wird noch das Steuerkopflager gemacht, die Gabel und die Ventildeckel abgedichtet. Dann noch neue Gummis auf die R\u00e4der und das sollte es im Groben gewesen sein. Leider hat die Verkleidung zwei kleine Sch\u00e4den aber darum k\u00fcmmert &hellip; <a href=\"http:\/\/hesse-nrw.de\/?p=3101\" class=\"more-link\"><span class=\"screen-reader-text\">Bald fertig &#8230;<\/span> weiterlesen <span class=\"meta-nav\">&rarr;<\/span><\/a><\/p>\n","protected":false},"author":1,"featured_media":0,"comment_status":"open","ping_status":"open","sticky":false,"template":"","format":"standard","meta":{"footnotes":""},"categories":[3,22],"tags":[],"class_list":["post-3101","post","type-post","status-publish","format-standard","hentry","category-motorraeder","category-vfr-750-r-rc30"],"post_mailing_queue_ids":[],"_links":{"self":[{"href":"http:\/\/hesse-nrw.de\/index.php?rest_route=\/wp\/v2\/posts\/3101","targetHints":{"allow":["GET"]}}],"collection":[{"href":"http:\/\/hesse-nrw.de\/index.php?rest_route=\/wp\/v2\/posts"}],"about":[{"href":"http:\/\/hesse-nrw.de\/index.php?rest_route=\/wp\/v2\/types\/post"}],"author":[{"embeddable":true,"href":"http:\/\/hesse-nrw.de\/index.php?rest_route=\/wp\/v2\/users\/1"}],"replies":[{"embeddable":true,"href":"http:\/\/hesse-nrw.de\/index.php?rest_route=%2Fwp%2Fv2%2Fcomments&post=3101"}],"version-history":[{"count":1,"href":"http:\/\/hesse-nrw.de\/index.php?rest_route=\/wp\/v2\/posts\/3101\/revisions"}],"predecessor-version":[{"id":3102,"href":"http:\/\/hesse-nrw.de\/index.php?rest_route=\/wp\/v2\/posts\/3101\/revisions\/3102"}],"wp:attachment":[{"href":"http:\/\/hesse-nrw.de\/index.php?rest_route=%2Fwp%2Fv2%2Fmedia&parent=3101"}],"wp:term":[{"taxonomy":"category","embeddable":true,"href":"http:\/\/hesse-nrw.de\/index.php?rest_route=%2Fwp%2Fv2%2Fcategories&post=3101"},{"taxonomy":"post_tag","embeddable":true,"href":"http:\/\/hesse-nrw.de\/index.php?rest_route=%2Fwp%2Fv2%2Ftags&post=3101"}],"curies":[{"name":"wp","href":"https:\/\/api.w.org\/{rel}","templated":true}]}}