{"id":2833,"date":"2018-12-12T16:25:43","date_gmt":"2018-12-12T15:25:43","guid":{"rendered":"http:\/\/hesse-nrw.de\/?p=2833"},"modified":"2018-12-12T16:25:43","modified_gmt":"2018-12-12T15:25:43","slug":"produktion-fuer-motorrad","status":"publish","type":"post","link":"http:\/\/hesse-nrw.de\/?p=2833","title":{"rendered":"Produktion f\u00fcr Motorrad"},"content":{"rendered":"\n<p>Am 11. Oktober 2018 war es soweit, eine weitere Produktion, diesmal\u00a0 f\u00fcr die Zeitschrift Motorrad, sollte fotografiert werden. Es war ein wunderbarer, warmer Tag und wir hatten viel Spa\u00df! Insgeasamt drei Motorr\u00e4der, zwei von mir, dienten als Model. Der Bericht zur CB 750 Four ist nun in der Ausgabe 29\/2018 von Motorrad erschienen. Ein weiterer Bericht mit anderen Motorr\u00e4dern folgt sp\u00e4ter noch.<br><\/p>\n\n\n\n<figure class=\"wp-block-image\"><img loading=\"lazy\" decoding=\"async\" width=\"1000\" height=\"667\" src=\"http:\/\/hesse-nrw.de\/wp-content\/uploads\/2018\/12\/DSC1590.jpg\" alt=\"\" class=\"wp-image-2834\" srcset=\"http:\/\/hesse-nrw.de\/wp-content\/uploads\/2018\/12\/DSC1590.jpg 1000w, http:\/\/hesse-nrw.de\/wp-content\/uploads\/2018\/12\/DSC1590-300x200.jpg 300w, http:\/\/hesse-nrw.de\/wp-content\/uploads\/2018\/12\/DSC1590-768x512.jpg 768w\" sizes=\"auto, (max-width: 1000px) 100vw, 1000px\" \/><figcaption>Honda CB 750 Four K2\u00a0<\/figcaption><\/figure>\n\n\n\n<figure class=\"wp-block-image\"><img loading=\"lazy\" decoding=\"async\" width=\"1000\" height=\"667\" src=\"http:\/\/hesse-nrw.de\/wp-content\/uploads\/2018\/12\/DSC3630.jpg\" alt=\"\" class=\"wp-image-2835\" srcset=\"http:\/\/hesse-nrw.de\/wp-content\/uploads\/2018\/12\/DSC3630.jpg 1000w, http:\/\/hesse-nrw.de\/wp-content\/uploads\/2018\/12\/DSC3630-300x200.jpg 300w, http:\/\/hesse-nrw.de\/wp-content\/uploads\/2018\/12\/DSC3630-768x512.jpg 768w\" sizes=\"auto, (max-width: 1000px) 100vw, 1000px\" \/><figcaption>Fred Siemer und die Honda CB 750 Four<\/figcaption><\/figure>\n","protected":false},"excerpt":{"rendered":"<p>Am 11. Oktober 2018 war es soweit, eine weitere Produktion, diesmal\u00a0 f\u00fcr die Zeitschrift Motorrad, sollte fotografiert werden. Es war ein wunderbarer, warmer Tag und wir hatten viel Spa\u00df! Insgeasamt drei Motorr\u00e4der, zwei von mir, dienten als Model. Der Bericht zur CB 750 Four ist nun in der Ausgabe 29\/2018 von Motorrad erschienen. Ein weiterer &hellip; <a href=\"http:\/\/hesse-nrw.de\/?p=2833\" class=\"more-link\"><span class=\"screen-reader-text\">Produktion f\u00fcr Motorrad<\/span> weiterlesen <span class=\"meta-nav\">&rarr;<\/span><\/a><\/p>\n","protected":false},"author":1,"featured_media":0,"comment_status":"open","ping_status":"open","sticky":false,"template":"","format":"standard","meta":{"footnotes":""},"categories":[13,3],"tags":[],"class_list":["post-2833","post","type-post","status-publish","format-standard","hentry","category-cb-750-four-k2-cb750","category-motorraeder"],"post_mailing_queue_ids":[],"_links":{"self":[{"href":"http:\/\/hesse-nrw.de\/index.php?rest_route=\/wp\/v2\/posts\/2833","targetHints":{"allow":["GET"]}}],"collection":[{"href":"http:\/\/hesse-nrw.de\/index.php?rest_route=\/wp\/v2\/posts"}],"about":[{"href":"http:\/\/hesse-nrw.de\/index.php?rest_route=\/wp\/v2\/types\/post"}],"author":[{"embeddable":true,"href":"http:\/\/hesse-nrw.de\/index.php?rest_route=\/wp\/v2\/users\/1"}],"replies":[{"embeddable":true,"href":"http:\/\/hesse-nrw.de\/index.php?rest_route=%2Fwp%2Fv2%2Fcomments&post=2833"}],"version-history":[{"count":1,"href":"http:\/\/hesse-nrw.de\/index.php?rest_route=\/wp\/v2\/posts\/2833\/revisions"}],"predecessor-version":[{"id":2836,"href":"http:\/\/hesse-nrw.de\/index.php?rest_route=\/wp\/v2\/posts\/2833\/revisions\/2836"}],"wp:attachment":[{"href":"http:\/\/hesse-nrw.de\/index.php?rest_route=%2Fwp%2Fv2%2Fmedia&parent=2833"}],"wp:term":[{"taxonomy":"category","embeddable":true,"href":"http:\/\/hesse-nrw.de\/index.php?rest_route=%2Fwp%2Fv2%2Fcategories&post=2833"},{"taxonomy":"post_tag","embeddable":true,"href":"http:\/\/hesse-nrw.de\/index.php?rest_route=%2Fwp%2Fv2%2Ftags&post=2833"}],"curies":[{"name":"wp","href":"https:\/\/api.w.org\/{rel}","templated":true}]}}