{"id":2597,"date":"2018-03-14T10:22:22","date_gmt":"2018-03-14T09:22:22","guid":{"rendered":"http:\/\/hesse-nrw.de\/?p=2597"},"modified":"2018-07-16T09:26:02","modified_gmt":"2018-07-16T08:26:02","slug":"die-adac-rheinlandfahrt-2018-ruft","status":"publish","type":"post","link":"http:\/\/hesse-nrw.de\/?p=2597","title":{"rendered":"Die ADAC Rheinlandfahrt 2018 ruft!"},"content":{"rendered":"<p>Die Scuderia Hesse hat zur Veranstaltung bis jetzt sechs Motorr\u00e4der &#8222;fourbildlich&#8220; gemeldet, eine weitere Four k\u00f6nnten ebenfalls noch gemeldet werden. Hat jemand Lust?<\/p>\n<figure id=\"attachment_2396\" aria-describedby=\"caption-attachment-2396\" style=\"width: 300px\" class=\"wp-caption alignnone\"><img loading=\"lazy\" decoding=\"async\" class=\"size-medium wp-image-2396\" src=\"http:\/\/hesse-nrw.de\/wp-content\/uploads\/2017\/06\/DSC00001-300x200.jpg\" alt=\"\" width=\"300\" height=\"200\" srcset=\"http:\/\/hesse-nrw.de\/wp-content\/uploads\/2017\/06\/DSC00001-300x200.jpg 300w, http:\/\/hesse-nrw.de\/wp-content\/uploads\/2017\/06\/DSC00001-768x512.jpg 768w, http:\/\/hesse-nrw.de\/wp-content\/uploads\/2017\/06\/DSC00001.jpg 1000w\" sizes=\"auto, (max-width: 300px) 100vw, 300px\" \/><figcaption id=\"caption-attachment-2396\" class=\"wp-caption-text\">CB 350 Four 1973, Fahrerin Charlotte Daniel<\/figcaption><\/figure>\n<figure id=\"attachment_2599\" aria-describedby=\"caption-attachment-2599\" style=\"width: 300px\" class=\"wp-caption alignnone\"><img loading=\"lazy\" decoding=\"async\" class=\"size-medium wp-image-2599\" src=\"http:\/\/hesse-nrw.de\/wp-content\/uploads\/2018\/03\/DSC00005-300x200.jpg\" alt=\"\" width=\"300\" height=\"200\" srcset=\"http:\/\/hesse-nrw.de\/wp-content\/uploads\/2018\/03\/DSC00005-300x200.jpg 300w, http:\/\/hesse-nrw.de\/wp-content\/uploads\/2018\/03\/DSC00005-768x512.jpg 768w, http:\/\/hesse-nrw.de\/wp-content\/uploads\/2018\/03\/DSC00005.jpg 1000w\" sizes=\"auto, (max-width: 300px) 100vw, 300px\" \/><figcaption id=\"caption-attachment-2599\" class=\"wp-caption-text\">CB 400 Four 1977, Fahrerin Elke Much-Deml<\/figcaption><\/figure>\n<figure id=\"attachment_2246\" aria-describedby=\"caption-attachment-2246\" style=\"width: 300px\" class=\"wp-caption alignnone\"><img loading=\"lazy\" decoding=\"async\" class=\"wp-image-2246 size-medium\" src=\"http:\/\/hesse-nrw.de\/wp-content\/uploads\/2017\/02\/DSC00004-300x200.jpg\" alt=\"\" width=\"300\" height=\"200\" srcset=\"http:\/\/hesse-nrw.de\/wp-content\/uploads\/2017\/02\/DSC00004-300x200.jpg 300w, http:\/\/hesse-nrw.de\/wp-content\/uploads\/2017\/02\/DSC00004-768x512.jpg 768w, http:\/\/hesse-nrw.de\/wp-content\/uploads\/2017\/02\/DSC00004.jpg 1000w\" sizes=\"auto, (max-width: 300px) 100vw, 300px\" \/><figcaption id=\"caption-attachment-2246\" class=\"wp-caption-text\">CB 500 Four K2 1977, Fahrer Christian Hesse<\/figcaption><\/figure>\n<figure id=\"attachment_2245\" aria-describedby=\"caption-attachment-2245\" style=\"width: 300px\" class=\"wp-caption alignnone\"><img loading=\"lazy\" decoding=\"async\" class=\"wp-image-2245 size-medium\" src=\"http:\/\/hesse-nrw.de\/wp-content\/uploads\/2017\/02\/DSC000001-300x200.jpg\" alt=\"\" width=\"300\" height=\"200\" srcset=\"http:\/\/hesse-nrw.de\/wp-content\/uploads\/2017\/02\/DSC000001-300x200.jpg 300w, http:\/\/hesse-nrw.de\/wp-content\/uploads\/2017\/02\/DSC000001-768x512.jpg 768w, http:\/\/hesse-nrw.de\/wp-content\/uploads\/2017\/02\/DSC000001.jpg 1000w\" sizes=\"auto, (max-width: 300px) 100vw, 300px\" \/><figcaption id=\"caption-attachment-2245\" class=\"wp-caption-text\">CB 550 Four F2 1980, Fahrer Lutz Adam<\/figcaption><\/figure>\n<figure id=\"attachment_2629\" aria-describedby=\"caption-attachment-2629\" style=\"width: 300px\" class=\"wp-caption alignnone\"><img loading=\"lazy\" decoding=\"async\" class=\"size-medium wp-image-2629\" src=\"http:\/\/hesse-nrw.de\/wp-content\/uploads\/2018\/04\/DSC00001-300x200.jpg\" alt=\"\" width=\"300\" height=\"200\" srcset=\"http:\/\/hesse-nrw.de\/wp-content\/uploads\/2018\/04\/DSC00001-300x200.jpg 300w, http:\/\/hesse-nrw.de\/wp-content\/uploads\/2018\/04\/DSC00001-768x512.jpg 768w, http:\/\/hesse-nrw.de\/wp-content\/uploads\/2018\/04\/DSC00001.jpg 1000w\" sizes=\"auto, (max-width: 300px) 100vw, 300px\" \/><figcaption id=\"caption-attachment-2629\" class=\"wp-caption-text\">CB 650 Four 1980, Fahrer Christoph M\u00e4rten<\/figcaption><\/figure>\n<figure id=\"attachment_2600\" aria-describedby=\"caption-attachment-2600\" style=\"width: 300px\" class=\"wp-caption alignnone\"><img loading=\"lazy\" decoding=\"async\" class=\"size-medium wp-image-2600\" src=\"http:\/\/hesse-nrw.de\/wp-content\/uploads\/2018\/03\/DSC00006-300x200.jpg\" alt=\"\" width=\"300\" height=\"200\" srcset=\"http:\/\/hesse-nrw.de\/wp-content\/uploads\/2018\/03\/DSC00006-300x200.jpg 300w, http:\/\/hesse-nrw.de\/wp-content\/uploads\/2018\/03\/DSC00006-768x512.jpg 768w, http:\/\/hesse-nrw.de\/wp-content\/uploads\/2018\/03\/DSC00006.jpg 1000w\" sizes=\"auto, (max-width: 300px) 100vw, 300px\" \/><figcaption id=\"caption-attachment-2600\" class=\"wp-caption-text\">CB 750 Four K2 1974, Fahrer Gero Hesse<\/figcaption><\/figure>\n<p>Weitere zwei Motorr\u00e4der, die nicht zum eigenen Bestand geh\u00f6ren, gehen f\u00fcr die Farben der Scuderia Hesse an den Start:<\/p>\n<figure id=\"attachment_2604\" aria-describedby=\"caption-attachment-2604\" style=\"width: 300px\" class=\"wp-caption alignnone\"><img loading=\"lazy\" decoding=\"async\" class=\"wp-image-2604 size-medium\" src=\"http:\/\/hesse-nrw.de\/wp-content\/uploads\/2018\/03\/IMG-20160721-WA0002-300x225.jpg\" alt=\"\" width=\"300\" height=\"225\" srcset=\"http:\/\/hesse-nrw.de\/wp-content\/uploads\/2018\/03\/IMG-20160721-WA0002-300x225.jpg 300w, http:\/\/hesse-nrw.de\/wp-content\/uploads\/2018\/03\/IMG-20160721-WA0002-768x576.jpg 768w, http:\/\/hesse-nrw.de\/wp-content\/uploads\/2018\/03\/IMG-20160721-WA0002.jpg 1000w\" sizes=\"auto, (max-width: 300px) 100vw, 300px\" \/><figcaption id=\"caption-attachment-2604\" class=\"wp-caption-text\">CBX 1978, Fahrer Jens Daniel<\/figcaption><\/figure>\n<figure id=\"attachment_2603\" aria-describedby=\"caption-attachment-2603\" style=\"width: 300px\" class=\"wp-caption alignnone\"><img loading=\"lazy\" decoding=\"async\" class=\"wp-image-2603 size-medium\" src=\"http:\/\/hesse-nrw.de\/wp-content\/uploads\/2018\/03\/ADAC-Moto-Classic348-300x200.jpg\" alt=\"\" width=\"300\" height=\"200\" srcset=\"http:\/\/hesse-nrw.de\/wp-content\/uploads\/2018\/03\/ADAC-Moto-Classic348-300x200.jpg 300w, http:\/\/hesse-nrw.de\/wp-content\/uploads\/2018\/03\/ADAC-Moto-Classic348-768x512.jpg 768w, http:\/\/hesse-nrw.de\/wp-content\/uploads\/2018\/03\/ADAC-Moto-Classic348.jpg 1000w\" sizes=\"auto, (max-width: 300px) 100vw, 300px\" \/><figcaption id=\"caption-attachment-2603\" class=\"wp-caption-text\">CBX 550 F 1982, Fahrer Martin Uellenberg<\/figcaption><\/figure>\n<p>Nachtrag, die letzte Four im Rennstall ist auch gemeldet. Neuer Rekord f\u00fcr Veranstaltungen &#8211; sieben Motorr\u00e4der der Scuderia Hesse am Start!<\/p>\n<figure id=\"attachment_1753\" aria-describedby=\"caption-attachment-1753\" style=\"width: 300px\" class=\"wp-caption alignnone\"><img loading=\"lazy\" decoding=\"async\" class=\"size-medium wp-image-1753\" src=\"http:\/\/hesse-nrw.de\/wp-content\/uploads\/2016\/05\/DSC00001-1-300x200.jpg\" alt=\"\" width=\"300\" height=\"200\" srcset=\"http:\/\/hesse-nrw.de\/wp-content\/uploads\/2016\/05\/DSC00001-1-300x200.jpg 300w, http:\/\/hesse-nrw.de\/wp-content\/uploads\/2016\/05\/DSC00001-1-768x512.jpg 768w, http:\/\/hesse-nrw.de\/wp-content\/uploads\/2016\/05\/DSC00001-1.jpg 1000w\" sizes=\"auto, (max-width: 300px) 100vw, 300px\" \/><figcaption id=\"caption-attachment-1753\" class=\"wp-caption-text\">HB1 400 Four 1975, Fahrer Harald S\u00e4nger<\/figcaption><\/figure>\n<figure id=\"attachment_2710\" aria-describedby=\"caption-attachment-2710\" style=\"width: 169px\" class=\"wp-caption alignnone\"><img loading=\"lazy\" decoding=\"async\" class=\"wp-image-2710 size-medium\" src=\"http:\/\/hesse-nrw.de\/wp-content\/uploads\/2018\/03\/a2872d88-4f5f-4ce7-b922-a8a1ce602161-169x300.jpg\" alt=\"\" width=\"169\" height=\"300\" srcset=\"http:\/\/hesse-nrw.de\/wp-content\/uploads\/2018\/03\/a2872d88-4f5f-4ce7-b922-a8a1ce602161-169x300.jpg 169w, http:\/\/hesse-nrw.de\/wp-content\/uploads\/2018\/03\/a2872d88-4f5f-4ce7-b922-a8a1ce602161-576x1024.jpg 576w, http:\/\/hesse-nrw.de\/wp-content\/uploads\/2018\/03\/a2872d88-4f5f-4ce7-b922-a8a1ce602161.jpg 720w\" sizes=\"auto, (max-width: 169px) 100vw, 169px\" \/><figcaption id=\"caption-attachment-2710\" class=\"wp-caption-text\">So sehen vorbereitete Fahrer aus!<\/figcaption><\/figure>\n<p>Nachtrag, und noch ein Fahrzeug ist seit heute, 16.07.2018, gemeldet. Der Anlass ist leider traurig. Die CBX kann technisch bedingt nicht teilnehmen. Somit eine weitere, zwar unfreiwillige, Rekord Steigerung mit acht gemeldeten Motorr\u00e4dern in einer Veranstaltung.<\/p>\n<figure id=\"attachment_2728\" aria-describedby=\"caption-attachment-2728\" style=\"width: 300px\" class=\"wp-caption alignnone\"><img loading=\"lazy\" decoding=\"async\" class=\"size-medium wp-image-2728\" src=\"http:\/\/hesse-nrw.de\/wp-content\/uploads\/2018\/07\/DSC00001-300x200.jpg\" alt=\"\" width=\"300\" height=\"200\" srcset=\"http:\/\/hesse-nrw.de\/wp-content\/uploads\/2018\/07\/DSC00001-300x200.jpg 300w, http:\/\/hesse-nrw.de\/wp-content\/uploads\/2018\/07\/DSC00001-768x512.jpg 768w, http:\/\/hesse-nrw.de\/wp-content\/uploads\/2018\/07\/DSC00001.jpg 1000w\" sizes=\"auto, (max-width: 300px) 100vw, 300px\" \/><figcaption id=\"caption-attachment-2728\" class=\"wp-caption-text\">CBX 550 FII 1983, Fahrer Jens Daniel<\/figcaption><\/figure>\n","protected":false},"excerpt":{"rendered":"<p>Die Scuderia Hesse hat zur Veranstaltung bis jetzt sechs Motorr\u00e4der &#8222;fourbildlich&#8220; gemeldet, eine weitere Four k\u00f6nnten ebenfalls noch gemeldet werden. Hat jemand Lust? Weitere zwei Motorr\u00e4der, die nicht zum eigenen Bestand geh\u00f6ren, gehen f\u00fcr die Farben der Scuderia Hesse an den Start: Nachtrag, die letzte Four im Rennstall ist auch gemeldet. Neuer Rekord f\u00fcr Veranstaltungen &hellip; <a href=\"http:\/\/hesse-nrw.de\/?p=2597\" class=\"more-link\"><span class=\"screen-reader-text\">Die ADAC Rheinlandfahrt 2018 ruft!<\/span> weiterlesen <span class=\"meta-nav\">&rarr;<\/span><\/a><\/p>\n","protected":false},"author":1,"featured_media":0,"comment_status":"open","ping_status":"open","sticky":false,"template":"","format":"standard","meta":{"footnotes":""},"categories":[39,12,37,36,38,13,6,23,3],"tags":[],"class_list":["post-2597","post","type-post","status-publish","format-standard","hentry","category-cb-350-four-cb350f","category-cb-400-four-cb400","category-cb-500-four-k2-cb500","category-cb-550-four-f2-cb550f","category-cb-650-four-rc03","category-cb-750-four-k2-cb750","category-cbx-550-fii","category-hb1-400-four-cb400","category-motorraeder"],"post_mailing_queue_ids":[],"_links":{"self":[{"href":"http:\/\/hesse-nrw.de\/index.php?rest_route=\/wp\/v2\/posts\/2597","targetHints":{"allow":["GET"]}}],"collection":[{"href":"http:\/\/hesse-nrw.de\/index.php?rest_route=\/wp\/v2\/posts"}],"about":[{"href":"http:\/\/hesse-nrw.de\/index.php?rest_route=\/wp\/v2\/types\/post"}],"author":[{"embeddable":true,"href":"http:\/\/hesse-nrw.de\/index.php?rest_route=\/wp\/v2\/users\/1"}],"replies":[{"embeddable":true,"href":"http:\/\/hesse-nrw.de\/index.php?rest_route=%2Fwp%2Fv2%2Fcomments&post=2597"}],"version-history":[{"count":16,"href":"http:\/\/hesse-nrw.de\/index.php?rest_route=\/wp\/v2\/posts\/2597\/revisions"}],"predecessor-version":[{"id":2730,"href":"http:\/\/hesse-nrw.de\/index.php?rest_route=\/wp\/v2\/posts\/2597\/revisions\/2730"}],"wp:attachment":[{"href":"http:\/\/hesse-nrw.de\/index.php?rest_route=%2Fwp%2Fv2%2Fmedia&parent=2597"}],"wp:term":[{"taxonomy":"category","embeddable":true,"href":"http:\/\/hesse-nrw.de\/index.php?rest_route=%2Fwp%2Fv2%2Fcategories&post=2597"},{"taxonomy":"post_tag","embeddable":true,"href":"http:\/\/hesse-nrw.de\/index.php?rest_route=%2Fwp%2Fv2%2Ftags&post=2597"}],"curies":[{"name":"wp","href":"https:\/\/api.w.org\/{rel}","templated":true}]}}