{"id":168,"date":"2016-02-29T12:50:57","date_gmt":"2016-02-29T11:50:57","guid":{"rendered":"http:\/\/hesse-nrw.de\/?p=168"},"modified":"2016-11-08T14:57:13","modified_gmt":"2016-11-08T13:57:13","slug":"cbx-rs-550-r","status":"publish","type":"post","link":"http:\/\/hesse-nrw.de\/?p=168","title":{"rendered":"CBX RS 550 R"},"content":{"rendered":"<p>Eine CBX 550 F in nicht unbedingt original erhaltungsw\u00fcrdigem Zustand hat sich eingefunden. Eigentlich wollte ich nur ein Ersatzteillager f\u00fcr die andere CBX 550 FII haben, dann kam die Idee. Umbau auf einen Renner, der in Japan in vielen Rennen der 400er Klasse lief und von Honda RSC als Umbausatz angeboten wurde.<\/p>\n<p>Das Ziel ist Stra\u00dfenzulassung. Mal sehen was der T\u00dcV Inschen\u00f6r \ud83d\ude42 so sagt.<\/p>\n<figure id=\"attachment_171\" aria-describedby=\"caption-attachment-171\" style=\"width: 300px\" class=\"wp-caption alignnone\"><img loading=\"lazy\" decoding=\"async\" class=\"size-medium wp-image-171\" src=\"http:\/\/hesse-nrw.de\/wp-content\/uploads\/2016\/02\/CBX550F-1-300x170.jpg\" alt=\"leider kein guter Zustand - vieles ist zerkratzt, defekt und umgebaut\" width=\"300\" height=\"170\" srcset=\"http:\/\/hesse-nrw.de\/wp-content\/uploads\/2016\/02\/CBX550F-1-300x170.jpg 300w, http:\/\/hesse-nrw.de\/wp-content\/uploads\/2016\/02\/CBX550F-1-768x435.jpg 768w, http:\/\/hesse-nrw.de\/wp-content\/uploads\/2016\/02\/CBX550F-1.jpg 1000w\" sizes=\"auto, (max-width: 300px) 100vw, 300px\" \/><figcaption id=\"caption-attachment-171\" class=\"wp-caption-text\">leider kein guter Zustand &#8211; vieles ist zerkratzt, defekt und umgebaut<\/figcaption><\/figure>\n<p>Mal startet sie, mal nicht. Wenn sie l\u00e4uft ist es rund und fein. Alter Kraftstoff raus, neuer rein. Auch mit Ultimate 102, sonst die chemische Wunderwaffe, keine \u00c4nderung der Symptome. Langes suchen, Kerzen pr\u00fcfen, Z\u00fcndspulen pr\u00fcfen sie l\u00e4uft und nimmt Gas an. Dann im Leerlauf pl\u00f6tzlich wieder aus, ich komme nicht weiter. Jan hat die Idee: Umbau der Z\u00fcndung von meiner alten CBX 550 FII in diese. Ein Anlasserdruck und sie l\u00e4uft! Ok, die Firma <a href=\"http:\/\/www.motek.de\/\" target=\"_blank\">Motek <\/a>freut sich. Z\u00fcndung repariert und sie l\u00e4uft zuverl\u00e4ssig.<\/p>\n<figure id=\"attachment_177\" aria-describedby=\"caption-attachment-177\" style=\"width: 225px\" class=\"wp-caption alignnone\"><img loading=\"lazy\" decoding=\"async\" class=\"size-medium wp-image-177\" src=\"http:\/\/hesse-nrw.de\/wp-content\/uploads\/2016\/02\/IMG_20151127_145147-225x300.jpg\" alt=\"abbauen was nicht ben\u00f6tigt wird\" width=\"225\" height=\"300\" srcset=\"http:\/\/hesse-nrw.de\/wp-content\/uploads\/2016\/02\/IMG_20151127_145147-225x300.jpg 225w, http:\/\/hesse-nrw.de\/wp-content\/uploads\/2016\/02\/IMG_20151127_145147.jpg 750w\" sizes=\"auto, (max-width: 225px) 100vw, 225px\" \/><figcaption id=\"caption-attachment-177\" class=\"wp-caption-text\">abbauen was nicht ben\u00f6tigt wird<\/figcaption><\/figure>\n<figure id=\"attachment_178\" aria-describedby=\"caption-attachment-178\" style=\"width: 300px\" class=\"wp-caption alignnone\"><img loading=\"lazy\" decoding=\"async\" class=\"size-medium wp-image-178\" src=\"http:\/\/hesse-nrw.de\/wp-content\/uploads\/2016\/02\/IMG_20151127_182932-300x225.jpg\" alt=\"jetzt muss der Stummellenker dran\" width=\"300\" height=\"225\" srcset=\"http:\/\/hesse-nrw.de\/wp-content\/uploads\/2016\/02\/IMG_20151127_182932-300x225.jpg 300w, http:\/\/hesse-nrw.de\/wp-content\/uploads\/2016\/02\/IMG_20151127_182932-768x576.jpg 768w, http:\/\/hesse-nrw.de\/wp-content\/uploads\/2016\/02\/IMG_20151127_182932.jpg 1000w\" sizes=\"auto, (max-width: 300px) 100vw, 300px\" \/><figcaption id=\"caption-attachment-178\" class=\"wp-caption-text\">jetzt muss der Stummellenker dran<\/figcaption><\/figure>\n<figure id=\"attachment_179\" aria-describedby=\"caption-attachment-179\" style=\"width: 300px\" class=\"wp-caption alignnone\"><img loading=\"lazy\" decoding=\"async\" class=\"size-medium wp-image-179\" src=\"http:\/\/hesse-nrw.de\/wp-content\/uploads\/2016\/02\/IMG_20151209_121927-300x225.jpg\" alt=\"ganz sch\u00f6n festgebacken - hier hilft nur WD40 und Kraft\" width=\"300\" height=\"225\" srcset=\"http:\/\/hesse-nrw.de\/wp-content\/uploads\/2016\/02\/IMG_20151209_121927-300x225.jpg 300w, http:\/\/hesse-nrw.de\/wp-content\/uploads\/2016\/02\/IMG_20151209_121927-768x576.jpg 768w, http:\/\/hesse-nrw.de\/wp-content\/uploads\/2016\/02\/IMG_20151209_121927.jpg 1000w\" sizes=\"auto, (max-width: 300px) 100vw, 300px\" \/><figcaption id=\"caption-attachment-179\" class=\"wp-caption-text\">ganz sch\u00f6n festgebacken &#8211; hier hilft nur WD40 und Kraft<\/figcaption><\/figure>\n<figure id=\"attachment_180\" aria-describedby=\"caption-attachment-180\" style=\"width: 300px\" class=\"wp-caption alignnone\"><img loading=\"lazy\" decoding=\"async\" class=\"size-medium wp-image-180\" src=\"http:\/\/hesse-nrw.de\/wp-content\/uploads\/2016\/02\/IMG_20151209_121944-300x225.jpg\" alt=\"erster Politurgang - der Sound ist unver\u00e4ndert\" width=\"300\" height=\"225\" srcset=\"http:\/\/hesse-nrw.de\/wp-content\/uploads\/2016\/02\/IMG_20151209_121944-300x225.jpg 300w, http:\/\/hesse-nrw.de\/wp-content\/uploads\/2016\/02\/IMG_20151209_121944-768x576.jpg 768w, http:\/\/hesse-nrw.de\/wp-content\/uploads\/2016\/02\/IMG_20151209_121944.jpg 1000w\" sizes=\"auto, (max-width: 300px) 100vw, 300px\" \/><figcaption id=\"caption-attachment-180\" class=\"wp-caption-text\">erster Politurgang &#8211; der Sound ist unver\u00e4ndert<\/figcaption><\/figure>\n<p>Jetzt m\u00fcssen die 60 PS Nockenwellen rein<\/p>\n<figure id=\"attachment_186\" aria-describedby=\"caption-attachment-186\" style=\"width: 200px\" class=\"wp-caption alignnone\"><img loading=\"lazy\" decoding=\"async\" class=\"size-medium wp-image-186\" src=\"http:\/\/hesse-nrw.de\/wp-content\/uploads\/2016\/02\/DSC00008-200x300.jpg\" alt=\"Nockenwellen und Kettenspanner sind raus\" width=\"200\" height=\"300\" srcset=\"http:\/\/hesse-nrw.de\/wp-content\/uploads\/2016\/02\/DSC00008-200x300.jpg 200w, http:\/\/hesse-nrw.de\/wp-content\/uploads\/2016\/02\/DSC00008.jpg 667w\" sizes=\"auto, (max-width: 200px) 100vw, 200px\" \/><figcaption id=\"caption-attachment-186\" class=\"wp-caption-text\">Nockenwellen und Kettenspanner sind raus<\/figcaption><\/figure>\n<figure id=\"attachment_188\" aria-describedby=\"caption-attachment-188\" style=\"width: 200px\" class=\"wp-caption alignnone\"><img loading=\"lazy\" decoding=\"async\" class=\"size-medium wp-image-188\" src=\"http:\/\/hesse-nrw.de\/wp-content\/uploads\/2016\/02\/DSC00014-200x300.jpg\" alt=\"Steuerkettenspanner\" width=\"200\" height=\"300\" srcset=\"http:\/\/hesse-nrw.de\/wp-content\/uploads\/2016\/02\/DSC00014-200x300.jpg 200w, http:\/\/hesse-nrw.de\/wp-content\/uploads\/2016\/02\/DSC00014.jpg 667w\" sizes=\"auto, (max-width: 200px) 100vw, 200px\" \/><figcaption id=\"caption-attachment-188\" class=\"wp-caption-text\">Steuerkettenspanner<\/figcaption><\/figure>\n<figure id=\"attachment_185\" aria-describedby=\"caption-attachment-185\" style=\"width: 300px\" class=\"wp-caption alignnone\"><img loading=\"lazy\" decoding=\"async\" class=\"size-medium wp-image-185\" src=\"http:\/\/hesse-nrw.de\/wp-content\/uploads\/2016\/02\/DSC00016-300x200.jpg\" alt=\"Einlasswelle mit Zahnrad - gut zu sehen die Markierungen auf dem Zahnrad\" width=\"300\" height=\"200\" srcset=\"http:\/\/hesse-nrw.de\/wp-content\/uploads\/2016\/02\/DSC00016-300x200.jpg 300w, http:\/\/hesse-nrw.de\/wp-content\/uploads\/2016\/02\/DSC00016-768x512.jpg 768w, http:\/\/hesse-nrw.de\/wp-content\/uploads\/2016\/02\/DSC00016.jpg 1000w\" sizes=\"auto, (max-width: 300px) 100vw, 300px\" \/><figcaption id=\"caption-attachment-185\" class=\"wp-caption-text\">Einlasswelle mit Zahnrad &#8211; gut zu sehen die Markierungen auf dem Zahnrad<\/figcaption><\/figure>\n<p><img loading=\"lazy\" decoding=\"async\" class=\"alignnone size-medium wp-image-189\" src=\"http:\/\/hesse-nrw.de\/wp-content\/uploads\/2016\/02\/DSC00015-200x300.jpg\" alt=\"SONY DSC\" width=\"200\" height=\"300\" srcset=\"http:\/\/hesse-nrw.de\/wp-content\/uploads\/2016\/02\/DSC00015-200x300.jpg 200w, http:\/\/hesse-nrw.de\/wp-content\/uploads\/2016\/02\/DSC00015.jpg 667w\" sizes=\"auto, (max-width: 200px) 100vw, 200px\" \/><\/p>\n<p>Einzelluftfilter sollen f\u00fcr freien Atem sorgen, vorsorglich schon mal gr\u00f6\u00dfere Hauptd\u00fcsen in den Vergaser gebaut.<\/p>\n<figure id=\"attachment_176\" aria-describedby=\"caption-attachment-176\" style=\"width: 300px\" class=\"wp-caption alignnone\"><img loading=\"lazy\" decoding=\"async\" class=\"size-medium wp-image-176\" src=\"http:\/\/hesse-nrw.de\/wp-content\/uploads\/2016\/02\/IMG_20151127_145132-300x225.jpg\" alt=\"Renner brauchen Luft\" width=\"300\" height=\"225\" srcset=\"http:\/\/hesse-nrw.de\/wp-content\/uploads\/2016\/02\/IMG_20151127_145132-300x225.jpg 300w, http:\/\/hesse-nrw.de\/wp-content\/uploads\/2016\/02\/IMG_20151127_145132-768x576.jpg 768w, http:\/\/hesse-nrw.de\/wp-content\/uploads\/2016\/02\/IMG_20151127_145132.jpg 1000w\" sizes=\"auto, (max-width: 300px) 100vw, 300px\" \/><figcaption id=\"caption-attachment-176\" class=\"wp-caption-text\">Renner brauchen Luft<\/figcaption><\/figure>\n<p>Luft hat sie &#8211; und zwar im \u00dcberflu\u00df. Trotz 2 Nummern gr\u00f6\u00dferer Hauptd\u00fcsen will der Motor nicht mehr hochdrehen. Wenn man den Choke zu macht ist alles gut. Also direkt noch gr\u00f6\u00dfer bed\u00fcsen. Wenn das mal nicht Leistung bringt &#8230;<\/p>\n<figure id=\"attachment_181\" aria-describedby=\"caption-attachment-181\" style=\"width: 300px\" class=\"wp-caption alignnone\"><img loading=\"lazy\" decoding=\"async\" class=\"size-medium wp-image-181\" src=\"http:\/\/hesse-nrw.de\/wp-content\/uploads\/2016\/02\/IMG_20160112_090253-300x225.jpg\" alt=\"wenn viel abgebaut ist wird so ein Motorrad auch richtig leicht\" width=\"300\" height=\"225\" srcset=\"http:\/\/hesse-nrw.de\/wp-content\/uploads\/2016\/02\/IMG_20160112_090253-300x225.jpg 300w, http:\/\/hesse-nrw.de\/wp-content\/uploads\/2016\/02\/IMG_20160112_090253-768x576.jpg 768w, http:\/\/hesse-nrw.de\/wp-content\/uploads\/2016\/02\/IMG_20160112_090253.jpg 1000w\" sizes=\"auto, (max-width: 300px) 100vw, 300px\" \/><figcaption id=\"caption-attachment-181\" class=\"wp-caption-text\">wenn viel abgebaut ist wird so ein Motorrad auch richtig leicht<\/figcaption><\/figure>\n<figure id=\"attachment_182\" aria-describedby=\"caption-attachment-182\" style=\"width: 300px\" class=\"wp-caption alignnone\"><img loading=\"lazy\" decoding=\"async\" class=\"size-medium wp-image-182\" src=\"http:\/\/hesse-nrw.de\/wp-content\/uploads\/2016\/02\/IMG_20160112_090313-300x225.jpg\" alt=\"der Verkleidungshalter\" width=\"300\" height=\"225\" srcset=\"http:\/\/hesse-nrw.de\/wp-content\/uploads\/2016\/02\/IMG_20160112_090313-300x225.jpg 300w, http:\/\/hesse-nrw.de\/wp-content\/uploads\/2016\/02\/IMG_20160112_090313-768x576.jpg 768w, http:\/\/hesse-nrw.de\/wp-content\/uploads\/2016\/02\/IMG_20160112_090313.jpg 1000w\" sizes=\"auto, (max-width: 300px) 100vw, 300px\" \/><figcaption id=\"caption-attachment-182\" class=\"wp-caption-text\">der Verkleidungshalter<\/figcaption><\/figure>\n<figure id=\"attachment_170\" aria-describedby=\"caption-attachment-170\" style=\"width: 300px\" class=\"wp-caption alignnone\"><img loading=\"lazy\" decoding=\"async\" class=\"size-medium wp-image-170\" src=\"http:\/\/hesse-nrw.de\/wp-content\/uploads\/2016\/02\/IMG_20160112_090455-300x225.jpg\" alt=\"Heckteil im Umbau - grau ist das gekaufte Sitzteil, der Rest ist Umbau auf RS 550 R\" width=\"300\" height=\"225\" srcset=\"http:\/\/hesse-nrw.de\/wp-content\/uploads\/2016\/02\/IMG_20160112_090455-300x225.jpg 300w, http:\/\/hesse-nrw.de\/wp-content\/uploads\/2016\/02\/IMG_20160112_090455-768x576.jpg 768w, http:\/\/hesse-nrw.de\/wp-content\/uploads\/2016\/02\/IMG_20160112_090455.jpg 1000w\" sizes=\"auto, (max-width: 300px) 100vw, 300px\" \/><figcaption id=\"caption-attachment-170\" class=\"wp-caption-text\">Heckteil im Umbau &#8211; grau ist das gekaufte Sitzteil, der Rest ist Umbau auf RS 550 R<\/figcaption><\/figure>\n<p>Der Lackierer k\u00fcmmert sich um die GFK-Arbeiten und sp\u00e4ter um die Optik. Bis jetzt alles auf gutem Weg.<\/p>\n<p>&nbsp;<\/p>\n<p>&nbsp;<\/p>\n<p>&nbsp;<\/p>\n<p>&nbsp;<\/p>\n","protected":false},"excerpt":{"rendered":"<p>Eine CBX 550 F in nicht unbedingt original erhaltungsw\u00fcrdigem Zustand hat sich eingefunden. Eigentlich wollte ich nur ein Ersatzteillager f\u00fcr die andere CBX 550 FII haben, dann kam die Idee. Umbau auf einen Renner, der in Japan in vielen Rennen der 400er Klasse lief und von Honda RSC als Umbausatz angeboten wurde. Das Ziel ist &hellip; <a href=\"http:\/\/hesse-nrw.de\/?p=168\" class=\"more-link\"><span class=\"screen-reader-text\">CBX RS 550 R<\/span> weiterlesen <span class=\"meta-nav\">&rarr;<\/span><\/a><\/p>\n","protected":false},"author":1,"featured_media":0,"comment_status":"open","ping_status":"open","sticky":false,"template":"","format":"standard","meta":{"footnotes":""},"categories":[24,3],"tags":[],"class_list":["post-168","post","type-post","status-publish","format-standard","hentry","category-cbx-rs-550-r-pc04","category-motorraeder"],"post_mailing_queue_ids":[],"_links":{"self":[{"href":"http:\/\/hesse-nrw.de\/index.php?rest_route=\/wp\/v2\/posts\/168","targetHints":{"allow":["GET"]}}],"collection":[{"href":"http:\/\/hesse-nrw.de\/index.php?rest_route=\/wp\/v2\/posts"}],"about":[{"href":"http:\/\/hesse-nrw.de\/index.php?rest_route=\/wp\/v2\/types\/post"}],"author":[{"embeddable":true,"href":"http:\/\/hesse-nrw.de\/index.php?rest_route=\/wp\/v2\/users\/1"}],"replies":[{"embeddable":true,"href":"http:\/\/hesse-nrw.de\/index.php?rest_route=%2Fwp%2Fv2%2Fcomments&post=168"}],"version-history":[{"count":6,"href":"http:\/\/hesse-nrw.de\/index.php?rest_route=\/wp\/v2\/posts\/168\/revisions"}],"predecessor-version":[{"id":2142,"href":"http:\/\/hesse-nrw.de\/index.php?rest_route=\/wp\/v2\/posts\/168\/revisions\/2142"}],"wp:attachment":[{"href":"http:\/\/hesse-nrw.de\/index.php?rest_route=%2Fwp%2Fv2%2Fmedia&parent=168"}],"wp:term":[{"taxonomy":"category","embeddable":true,"href":"http:\/\/hesse-nrw.de\/index.php?rest_route=%2Fwp%2Fv2%2Fcategories&post=168"},{"taxonomy":"post_tag","embeddable":true,"href":"http:\/\/hesse-nrw.de\/index.php?rest_route=%2Fwp%2Fv2%2Ftags&post=168"}],"curies":[{"name":"wp","href":"https:\/\/api.w.org\/{rel}","templated":true}]}}